{"id":10013,"date":"2025-05-03T08:28:55","date_gmt":"2025-05-03T08:28:55","guid":{"rendered":"https:\/\/debagoiena2030.eus\/2025\/05\/03\/10003\/"},"modified":"2025-06-18T14:51:48","modified_gmt":"2025-06-18T14:51:48","slug":"10003","status":"publish","type":"post","link":"https:\/\/debagoiena2030.eus\/es\/2025\/05\/03\/10003\/","title":{"rendered":"\u00abIraunkortasunari\u00a0hamaika\u00a0begirada\u00bb\u00a0ekintza programaren 2. edizioa"},"content":{"rendered":"<p><div class=\"fusion-fullwidth fullwidth-box fusion-builder-row-1 fusion-flex-container nonhundred-percent-fullwidth non-hundred-percent-height-scrolling\" style=\"--awb-background-position:left top;--awb-border-sizes-top:0px;--awb-border-sizes-bottom:0px;--awb-border-sizes-left:0px;--awb-border-sizes-right:0px;--awb-border-radius-top-left:0px;--awb-border-radius-top-right:0px;--awb-border-radius-bottom-right:0px;--awb-border-radius-bottom-left:0px;--awb-padding-top:120px;--awb-padding-bottom:0px;\" ><div class=\"fusion-builder-row fusion-row fusion-flex-align-items-flex-start\" style=\"max-width:1216.8px;margin-left: calc(-4% \/ 2 );margin-right: calc(-4% \/ 2 );\"><div class=\"fusion-layout-column fusion_builder_column fusion-builder-column-0 fusion_builder_column_1_5 1_5 fusion-flex-column\" style=\"--awb-bg-size:cover;--awb-width-large:20%;--awb-margin-top-large:0px;--awb-spacing-right-large:9.6%;--awb-margin-bottom-large:20px;--awb-spacing-left-large:9.6%;--awb-width-medium:100%;--awb-spacing-right-medium:1.92%;--awb-spacing-left-medium:1.92%;--awb-width-small:100%;--awb-spacing-right-small:1.92%;--awb-spacing-left-small:1.92%;\"><div class=\"fusion-column-wrapper fusion-flex-justify-content-flex-start fusion-content-layout-column\"><div class=\"fusion-separator fusion-full-width-sep\" style=\"align-self: center;margin-left: auto;margin-right: auto;width:100%;\"><\/div><\/div><\/div><div class=\"fusion-layout-column fusion_builder_column fusion-builder-column-1 fusion_builder_column_3_5 3_5 fusion-flex-column\" style=\"--awb-bg-size:cover;--awb-width-large:60%;--awb-margin-top-large:0px;--awb-spacing-right-large:3.2%;--awb-margin-bottom-large:20px;--awb-spacing-left-large:3.2%;--awb-width-medium:100%;--awb-spacing-right-medium:1.92%;--awb-spacing-left-medium:1.92%;--awb-width-small:100%;--awb-spacing-right-small:1.92%;--awb-spacing-left-small:1.92%;\"><div class=\"fusion-column-wrapper fusion-flex-justify-content-flex-start fusion-content-layout-column\"><div class=\"fusion-text fusion-text-1\"><h2><span class=\"il\">Segunda edici\u00f3n del programa de actividades \u00abIraunkortasunari<\/span>\u00a0<span class=\"il\">hamaika<\/span>\u00a0<span class=\"il\">begirada\u00bb<\/span><\/h2>\n<\/div><div class=\"fusion-separator\" style=\"align-self: flex-start;margin-right:auto;margin-top:0px;margin-bottom:30px;width:100%;max-width:200px;\"><div class=\"fusion-separator-border sep-single sep-solid\" style=\"--awb-height:20px;--awb-amount:20px;--awb-sep-color:#e87979;border-color:#e87979;border-top-width:3px;\"><\/div><\/div><div class=\"fusion-text fusion-text-2\"><p>Desde Debagoiena 2030, por segundo a\u00f1o consecutivo, hemos organizado el programa de actividades<strong> Iraunkortasunari hamaika begirada.<\/strong> El titular principal de este a\u00f1o ser\u00e1 <strong>\u00bfC\u00f3mo consensuar el rumbo hacia la sostenibilidad?<\/strong>, y abordaremos la necesidad de consensos territoriales para responder a los complejos retos actuales, as\u00ed como las perspectivas y posibilidades de colaboraci\u00f3n.<\/p>\n<p>Para el 28 de mayo hemos organizado una jornada central en la que conoceremos las visiones de expertos y las diferentes experiencias de otros territorios, donde hablaremos sobre c\u00f3mo acordar el rumbo de la transici\u00f3n energ\u00e9tica y sobre la democracia deliberativa.<\/p>\n<p>Adem\u00e1s, se presentar\u00e1 Argitzen, el proceso deliberativo para la transici\u00f3n energ\u00e9tica que se pretende llevar a cabo en Debagoiena.<\/p>\n<table border=\"0\" width=\"100%\" cellspacing=\"0\" cellpadding=\"0\">\n<tbody>\n<tr>\n<td>\n<table border=\"0\" width=\"100%\" cellspacing=\"0\" cellpadding=\"0\">\n<tbody>\n<tr>\n<td><\/td>\n<\/tr>\n<\/tbody>\n<\/table>\n<\/td>\n<\/tr>\n<\/tbody>\n<\/table>\n<table border=\"0\" width=\"100%\" cellspacing=\"0\" cellpadding=\"0\">\n<tbody>\n<tr>\n<td valign=\"top\">\n<table border=\"0\" width=\"100%\" cellspacing=\"0\" cellpadding=\"0\" align=\"left\">\n<tbody>\n<tr>\n<td>\n<table border=\"0\" width=\"100%\" cellspacing=\"0\">\n<tbody>\n<tr>\n<td valign=\"top\"><strong><span class=\"il\">IRAUNKORTASUNARI<\/span>\u00a0<span class=\"il\">HAMAIKA<\/span>\u00a0<span class=\"il\">BEGIRADA<\/span><\/strong><br \/>\n\u00b7 JORNADA PRINCIPAL \u00b7<\/p>\n<p><strong><em>Nola adostu iraunkortasunerako norabidea?<\/em><\/strong><\/p>\n<p><strong>PONENTES:<\/strong><br \/>\nJokin Bergara (Universidad del Pa\u00eds Vasco)<br \/>\nMiren Larrea (Orkestra-Instituto Vasco de Competitividad)<br \/>\nNaiara Goia (ArantzazuLab)<br \/>\nPau De V\u00edlchez Moragues (Subdirector del Laboratorio Interdisciplinario sobre Cambio Clim\u00e1tico de la UIB y uno de los organizadores de la Asamblea Ciudadana por el Clima de Mallorca)<br \/>\nPablo Garc\u00eda (Generalitat de Catalunya)<br \/>\n<strong><br \/>\nCU\u00c1NDO:<\/strong> Maiatzak 28, 9:30-14:30.<br \/>\n<strong>LUGAR:<\/strong> Gandiaga Topagunea, Arantzazu, O\u00f1ati.<br \/>\n<strong>DIRIGIDO A:<\/strong> Agentes y ciudadan\u00eda de Debagoiena, e interesados\/as en la democracia deliberativa<\/p>\n<p>Habr\u00e1 posibilidad de comer.<\/td>\n<\/tr>\n<\/tbody>\n<\/table>\n<\/td>\n<\/tr>\n<\/tbody>\n<\/table>\n<\/td>\n<\/tr>\n<\/tbody>\n<\/table>\n<table border=\"0\" width=\"100%\" cellspacing=\"0\" cellpadding=\"0\">\n<tbody>\n<tr>\n<td valign=\"top\">\n<table border=\"0\" width=\"100%\" cellspacing=\"0\" cellpadding=\"0\" align=\"left\">\n<tbody>\n<tr>\n<td valign=\"top\">Para la inscripci\u00f3n de la jornada principal, te agradecer\u00edamos que rellenaras este <a href=\"https:\/\/click.mailchimp.com\/track\/click\/30010842\/docs.google.com?p=eyJzIjoid2RTZDdVOE8tTVEzT0dfU01uOE9XbVN0ZUFzIiwidiI6MiwicCI6IntcInVcIjozMDAxMDg0MixcInZcIjoyLFwidXJsXCI6XCJodHRwczpcXFwvXFxcL2RvY3MuZ29vZ2xlLmNvbVxcXC9mb3Jtc1xcXC9kXFxcL2VcXFwvMUZBSXBRTFNmUVJhc1ZGVWM5bmtxNkxMSkhGWURXeEVkNTVLMU1mcU51Wnl4eGY3Z0V2SXJwdFFcXFwvdmlld2Zvcm1cIixcImlkXCI6XCI0NWMxNTk3YjU3MDM0ZTg4OGExYzE1MmU0YTNmNzk5OFwiLFwidXJsX2lkc1wiOltcIjk1ZjRjOWQ5MmJiYjJiMWEwNDdhNDQ5YmFhM2ZmM2EwMzMwMTcwMWJcIl0sXCJtc2dfdHNcIjoxNzQ2NTEwNTc0fSJ9\" target=\"_blank\" rel=\"noopener\" data-saferedirecturl=\"https:\/\/www.google.com\/url?q=https:\/\/click.mailchimp.com\/track\/click\/30010842\/docs.google.com?p%3DeyJzIjoid2RTZDdVOE8tTVEzT0dfU01uOE9XbVN0ZUFzIiwidiI6MiwicCI6IntcInVcIjozMDAxMDg0MixcInZcIjoyLFwidXJsXCI6XCJodHRwczpcXFwvXFxcL2RvY3MuZ29vZ2xlLmNvbVxcXC9mb3Jtc1xcXC9kXFxcL2VcXFwvMUZBSXBRTFNmUVJhc1ZGVWM5bmtxNkxMSkhGWURXeEVkNTVLMU1mcU51Wnl4eGY3Z0V2SXJwdFFcXFwvdmlld2Zvcm1cIixcImlkXCI6XCI0NWMxNTk3YjU3MDM0ZTg4OGExYzE1MmU0YTNmNzk5OFwiLFwidXJsX2lkc1wiOltcIjk1ZjRjOWQ5MmJiYjJiMWEwNDdhNDQ5YmFhM2ZmM2EwMzMwMTcwMWJcIl0sXCJtc2dfdHNcIjoxNzQ2NTEwNTc0fSJ9&amp;source=gmail&amp;ust=1750313774683000&amp;usg=AOvVaw0PCK2kAyox3P1xuaIf4ieQ\">formulario<\/a><\/p>\n<p>Adem\u00e1s, atendiendo a las caracter\u00edsticas y retos de los peque\u00f1os pueblos de Debagoiena, hemos organizado otras dos sesiones:<\/td>\n<\/tr>\n<\/tbody>\n<\/table>\n<\/td>\n<\/tr>\n<\/tbody>\n<\/table>\n<table border=\"0\" width=\"100%\" cellspacing=\"0\" cellpadding=\"0\">\n<tbody>\n<tr>\n<td valign=\"top\">\n<table border=\"0\" width=\"100%\" cellspacing=\"0\" cellpadding=\"0\" align=\"left\">\n<tbody>\n<tr>\n<td>\n<table border=\"0\" width=\"100%\" cellspacing=\"0\">\n<tbody>\n<tr>\n<td valign=\"top\"><strong>&#8211; \u00bfC\u00d3MO CONSENSUAR EL FUTURO DE LAS LOCALIDADES PEQUE\u00d1AS ANTE EL RETO DEMOGR\u00c1FICO?<\/strong>.<br \/>\nElgeta, 21 de mayo, 17:00-19:00, Espaloia Kafe Antzokia.<\/td>\n<\/tr>\n<\/tbody>\n<\/table>\n<\/td>\n<\/tr>\n<\/tbody>\n<\/table>\n<\/td>\n<\/tr>\n<\/tbody>\n<\/table>\n<table border=\"0\" width=\"100%\" cellspacing=\"0\" cellpadding=\"0\">\n<tbody>\n<tr>\n<td>\n<table border=\"0\" width=\"100%\" cellspacing=\"0\" cellpadding=\"0\">\n<tbody>\n<tr>\n<td><strong>&#8211; \u00bfC\u00d3MO CONSENSUAR EL FUTURO DE LAS LOCALIDADES PEQUE\u00d1AS ANTE EL RETO SOCIOECON\u00d3MICO?<br \/>\n<\/strong><br \/>\nAramaio,\u00a0 4 de junio, 17:00-19:00, en Sasti\u00f1a.<\/td>\n<\/tr>\n<\/tbody>\n<\/table>\n<\/td>\n<\/tr>\n<\/tbody>\n<\/table>\n<table border=\"0\" width=\"100%\" cellspacing=\"0\" cellpadding=\"0\">\n<tbody>\n<tr>\n<td valign=\"top\">\n<table border=\"0\" width=\"100%\" cellspacing=\"0\" cellpadding=\"0\" align=\"left\">\n<tbody>\n<tr>\n<td valign=\"top\"><\/td>\n<\/tr>\n<\/tbody>\n<\/table>\n<\/td>\n<\/tr>\n<\/tbody>\n<\/table>\n<\/div><\/div><\/div><div class=\"fusion-layout-column fusion_builder_column fusion-builder-column-2 fusion_builder_column_1_5 1_5 fusion-flex-column\" style=\"--awb-bg-size:cover;--awb-width-large:20%;--awb-margin-top-large:0px;--awb-spacing-right-large:9.6%;--awb-margin-bottom-large:20px;--awb-spacing-left-large:9.6%;--awb-width-medium:100%;--awb-spacing-right-medium:1.92%;--awb-spacing-left-medium:1.92%;--awb-width-small:100%;--awb-spacing-right-small:1.92%;--awb-spacing-left-small:1.92%;\"><div class=\"fusion-column-wrapper fusion-flex-justify-content-flex-start fusion-content-layout-column\"><div class=\"fusion-separator fusion-full-width-sep\" style=\"align-self: center;margin-left: auto;margin-right: auto;width:100%;\"><\/div><div class=\"fusion-text fusion-text-3\"><a href=\"https:\/\/debagoiena2030.eus\/es\/category\/actualidad\/\" rel=\"category tag\">Actualidad<\/a>\n<\/div><\/div><\/div><\/div><\/div><div class=\"fusion-fullwidth fullwidth-box fusion-builder-row-2 fusion-flex-container nonhundred-percent-fullwidth non-hundred-percent-height-scrolling\" style=\"--awb-border-radius-top-left:0px;--awb-border-radius-top-right:0px;--awb-border-radius-bottom-right:0px;--awb-border-radius-bottom-left:0px;\" ><div class=\"fusion-builder-row fusion-row fusion-flex-align-items-flex-start\" style=\"max-width:1216.8px;margin-left: calc(-4% \/ 2 );margin-right: calc(-4% \/ 2 );\"><div class=\"fusion-layout-column fusion_builder_column fusion-builder-column-3 fusion_builder_column_1_5 1_5 fusion-flex-column\" style=\"--awb-bg-size:cover;--awb-width-large:20%;--awb-margin-top-large:0px;--awb-spacing-right-large:9.6%;--awb-margin-bottom-large:20px;--awb-spacing-left-large:9.6%;--awb-width-medium:100%;--awb-order-medium:0;--awb-spacing-right-medium:1.92%;--awb-spacing-left-medium:1.92%;--awb-width-small:100%;--awb-order-small:0;--awb-spacing-right-small:1.92%;--awb-spacing-left-small:1.92%;\"><div class=\"fusion-column-wrapper fusion-column-has-shadow fusion-flex-justify-content-flex-start fusion-content-layout-column\"><\/div><\/div><div class=\"fusion-layout-column fusion_builder_column fusion-builder-column-4 fusion_builder_column_3_5 3_5 fusion-flex-column\" style=\"--awb-bg-size:cover;--awb-width-large:60%;--awb-margin-top-large:0px;--awb-spacing-right-large:3.2%;--awb-margin-bottom-large:20px;--awb-spacing-left-large:3.2%;--awb-width-medium:100%;--awb-order-medium:0;--awb-spacing-right-medium:1.92%;--awb-spacing-left-medium:1.92%;--awb-width-small:100%;--awb-order-small:0;--awb-spacing-right-small:1.92%;--awb-spacing-left-small:1.92%;\"><div class=\"fusion-column-wrapper fusion-column-has-shadow fusion-flex-justify-content-flex-start fusion-content-layout-column\"><div class=\"fusion-image-element \" style=\"--awb-caption-title-font-family:var(--h2_typography-font-family);--awb-caption-title-font-weight:var(--h2_typography-font-weight);--awb-caption-title-font-style:var(--h2_typography-font-style);--awb-caption-title-size:var(--h2_typography-font-size);--awb-caption-title-transform:var(--h2_typography-text-transform);--awb-caption-title-line-height:var(--h2_typography-line-height);--awb-caption-title-letter-spacing:var(--h2_typography-letter-spacing);\"><span class=\" fusion-imageframe imageframe-none imageframe-1 hover-type-none\" class=\"image-magnify\" class=\"image-scroll\"><img decoding=\"async\" width=\"739\" height=\"1024\" title=\"I11B 2025 Jardunaldi Nagusia\" src=\"https:\/\/debagoiena2030.eus\/wp-content\/uploads\/2025\/06\/I11B-2025-Jardunaldi-Nagusia.jpg\" alt class=\"img-responsive wp-image-10005\" srcset=\"https:\/\/debagoiena2030.eus\/wp-content\/uploads\/2025\/06\/I11B-2025-Jardunaldi-Nagusia-200x277.jpg 200w, https:\/\/debagoiena2030.eus\/wp-content\/uploads\/2025\/06\/I11B-2025-Jardunaldi-Nagusia-400x554.jpg 400w, https:\/\/debagoiena2030.eus\/wp-content\/uploads\/2025\/06\/I11B-2025-Jardunaldi-Nagusia-600x831.jpg 600w, https:\/\/debagoiena2030.eus\/wp-content\/uploads\/2025\/06\/I11B-2025-Jardunaldi-Nagusia.jpg 739w\" sizes=\"(max-width: 1024px) 100vw, (max-width: 640px) 100vw, 739px\" \/><\/span><\/div><\/div><\/div><div class=\"fusion-layout-column fusion_builder_column fusion-builder-column-5 fusion_builder_column_1_5 1_5 fusion-flex-column\" style=\"--awb-bg-size:cover;--awb-width-large:20%;--awb-margin-top-large:0px;--awb-spacing-right-large:9.6%;--awb-margin-bottom-large:20px;--awb-spacing-left-large:9.6%;--awb-width-medium:100%;--awb-order-medium:0;--awb-spacing-right-medium:1.92%;--awb-spacing-left-medium:1.92%;--awb-width-small:100%;--awb-order-small:0;--awb-spacing-right-small:1.92%;--awb-spacing-left-small:1.92%;\"><div class=\"fusion-column-wrapper fusion-column-has-shadow fusion-flex-justify-content-flex-start fusion-content-layout-column\"><\/div><\/div><\/div><\/div><\/p>\n","protected":false},"excerpt":{"rendered":"<p>Desde Debagoiena 2030, por segundo a\u00f1o consecutivo, hemos organizado el programa de actividades Iraunkortasunari hamaika begirada. El titular principal de este a\u00f1o ser\u00e1 \u00bfC\u00f3mo consensuar el rumbo hacia la sostenibilidad?, y abordaremos la necesidad de consensos territoriales para responder a los complejos retos actuales, as\u00ed como las perspectivas y posibilidades de colaboraci\u00f3n.<\/p>\n","protected":false},"author":1,"featured_media":10011,"comment_status":"closed","ping_status":"open","sticky":false,"template":"","format":"standard","meta":[],"categories":[64],"tags":[],"cp_meta_data":{"_encloseme":["1"],"_wpml_word_count":["{\"total\":261,\"to_translate\":{\"es\":261}}"],"_fusion":["a:19:{s:25:\"show_first_featured_image\";s:3:\"yes\";s:4:\"fimg\";a:2:{s:5:\"width\";s:0:\"\";s:6:\"height\";s:0:\"\";}s:17:\"post_links_target\";s:2:\"no\";s:7:\"bg_full\";s:2:\"no\";s:14:\"display_header\";s:3:\"yes\";s:14:\"header_bg_full\";s:2:\"no\";s:17:\"slider_visibility\";s:51:\"small-visibility,medium-visibility,large-visibility\";s:13:\"page_title_bg\";a:2:{s:3:\"url\";s:105:\"http:\/\/onenprodev.com\/sandbox\/d2030\/wp-content\/uploads\/2016\/08\/avada-charity-journal-banner1-1024x369.jpg\";s:2:\"id\";s:0:\"\";}s:12:\"main_padding\";a:2:{s:3:\"top\";s:0:\"\";s:6:\"bottom\";s:0:\"\";}s:15:\"content_bg_full\";s:2:\"no\";s:20:\"image_rollover_icons\";s:7:\"default\";s:9:\"bg_repeat\";s:6:\"repeat\";s:35:\"container_hundred_percent_animation\";s:0:\"\";s:16:\"header_bg_repeat\";s:6:\"repeat\";s:14:\"displayed_menu\";s:7:\"default\";s:11:\"slider_type\";s:4:\"flex\";s:9:\"wooslider\";s:1:\"0\";s:19:\"blog_page_title_bar\";s:7:\"default\";s:17:\"content_bg_repeat\";s:6:\"repeat\";}"],"fusion_builder_status":["active"],"_wp_old_date":["2025-06-18"],"_wpml_media_duplicate":["1"],"_wpml_media_featured":["1"],"_wpml_location_migration_done":["1"],"avada_post_views_count":["408"],"avada_today_post_views_count":["2"],"avada_post_views_count_today_date":["01-05-2026"],"_thumbnail_id":["10011"],"_last_translation_edit_mode":["native-editor"],"_edit_lock":["1750258210:1"],"_edit_last":["1"],"_wpml_media_has_media":["1"]},"_links":{"self":[{"href":"https:\/\/debagoiena2030.eus\/es\/wp-json\/wp\/v2\/posts\/10013"}],"collection":[{"href":"https:\/\/debagoiena2030.eus\/es\/wp-json\/wp\/v2\/posts"}],"about":[{"href":"https:\/\/debagoiena2030.eus\/es\/wp-json\/wp\/v2\/types\/post"}],"author":[{"embeddable":true,"href":"https:\/\/debagoiena2030.eus\/es\/wp-json\/wp\/v2\/users\/1"}],"replies":[{"embeddable":true,"href":"https:\/\/debagoiena2030.eus\/es\/wp-json\/wp\/v2\/comments?post=10013"}],"version-history":[{"count":3,"href":"https:\/\/debagoiena2030.eus\/es\/wp-json\/wp\/v2\/posts\/10013\/revisions"}],"predecessor-version":[{"id":10016,"href":"https:\/\/debagoiena2030.eus\/es\/wp-json\/wp\/v2\/posts\/10013\/revisions\/10016"}],"wp:featuredmedia":[{"embeddable":true,"href":"https:\/\/debagoiena2030.eus\/es\/wp-json\/wp\/v2\/media\/10011"}],"wp:attachment":[{"href":"https:\/\/debagoiena2030.eus\/es\/wp-json\/wp\/v2\/media?parent=10013"}],"wp:term":[{"taxonomy":"category","embeddable":true,"href":"https:\/\/debagoiena2030.eus\/es\/wp-json\/wp\/v2\/categories?post=10013"},{"taxonomy":"post_tag","embeddable":true,"href":"https:\/\/debagoiena2030.eus\/es\/wp-json\/wp\/v2\/tags?post=10013"}],"curies":[{"name":"wp","href":"https:\/\/api.w.org\/{rel}","templated":true}]}}