{"id":7639,"date":"2020-12-21T16:04:24","date_gmt":"2020-12-21T16:04:24","guid":{"rendered":"https:\/\/debagoiena2030.eus\/?p=7639"},"modified":"2023-03-30T08:22:46","modified_gmt":"2023-03-30T08:22:46","slug":"hora-de-abordar-los-retos-de-la-digitalizacion","status":"publish","type":"post","link":"https:\/\/debagoiena2030.eus\/es\/2020\/12\/21\/hora-de-abordar-los-retos-de-la-digitalizacion\/","title":{"rendered":"Es hora de abordar los retos de la digitalizaci\u00f3n"},"content":{"rendered":"<p><div class=\"fusion-fullwidth fullwidth-box fusion-builder-row-1 fusion-flex-container nonhundred-percent-fullwidth non-hundred-percent-height-scrolling\" style=\"--awb-background-position:left top;--awb-border-sizes-top:0px;--awb-border-sizes-bottom:0px;--awb-border-sizes-left:0px;--awb-border-sizes-right:0px;--awb-border-radius-top-left:0px;--awb-border-radius-top-right:0px;--awb-border-radius-bottom-right:0px;--awb-border-radius-bottom-left:0px;--awb-padding-top:120px;--awb-padding-bottom:0px;\" ><div class=\"fusion-builder-row fusion-row fusion-flex-align-items-flex-start\" style=\"max-width:1216.8px;margin-left: calc(-4% \/ 2 );margin-right: calc(-4% \/ 2 );\"><div class=\"fusion-layout-column fusion_builder_column fusion-builder-column-0 fusion_builder_column_1_5 1_5 fusion-flex-column\" style=\"--awb-bg-size:cover;--awb-width-large:20%;--awb-margin-top-large:0px;--awb-spacing-right-large:9.6%;--awb-margin-bottom-large:20px;--awb-spacing-left-large:9.6%;--awb-width-medium:100%;--awb-spacing-right-medium:1.92%;--awb-spacing-left-medium:1.92%;--awb-width-small:100%;--awb-spacing-right-small:1.92%;--awb-spacing-left-small:1.92%;\"><div class=\"fusion-column-wrapper fusion-flex-justify-content-flex-start fusion-content-layout-column\"><div class=\"fusion-separator fusion-full-width-sep\" style=\"align-self: center;margin-left: auto;margin-right: auto;width:100%;\"><\/div><\/div><\/div><div class=\"fusion-layout-column fusion_builder_column fusion-builder-column-1 fusion_builder_column_3_5 3_5 fusion-flex-column\" style=\"--awb-bg-size:cover;--awb-width-large:60%;--awb-margin-top-large:0px;--awb-spacing-right-large:3.2%;--awb-margin-bottom-large:20px;--awb-spacing-left-large:3.2%;--awb-width-medium:100%;--awb-spacing-right-medium:1.92%;--awb-spacing-left-medium:1.92%;--awb-width-small:100%;--awb-spacing-right-small:1.92%;--awb-spacing-left-small:1.92%;\"><div class=\"fusion-column-wrapper fusion-flex-justify-content-flex-start fusion-content-layout-column\"><div class=\"fusion-text fusion-text-1\"><h2>Es hora de abordar los retos de la digitalizaci\u00f3n<\/h2>\n<\/div><div class=\"fusion-separator\" style=\"align-self: flex-start;margin-right:auto;margin-top:0px;margin-bottom:30px;width:100%;max-width:200px;\"><div class=\"fusion-separator-border sep-single sep-solid\" style=\"--awb-height:20px;--awb-amount:20px;--awb-sep-color:#e87979;border-color:#e87979;border-top-width:3px;\"><\/div><\/div><div class=\"fusion-text fusion-text-2\"><div class=\"fusion-text fusion-text-2\">\n<p><strong>Art\u00edculo de opini\u00f3n de Enaitz Ezpeleta<\/strong><\/p>\n<div class=\"tk-description mb-3\">\n<p>20 a\u00f1os, echa la vista 20 a\u00f1os atr\u00e1s y piensa c\u00f3mo era tu vida hace dos d\u00e9cadas. Algunos ejemplos de la realidad de entonces para las personas que todav\u00eda no hab\u00edan nacido: hab\u00eda un ordenador en las casas, era el \u00fanico ordenador para todos los convivientes; en las casas hab\u00eda tel\u00e9fonos fijos, pero apenas m\u00f3viles y los que hab\u00eda eran muy pesados, grandes y solo con la posibilidad de hacer llamadas; Internet s\u00ed que exist\u00eda, pero poco se pod\u00eda hacer&#8230; Recuerdo las reacciones a la pregunta que hice a mis alumnos y alumnas universitarios a principios de este curso: \u00ab\u00bfOs imagin\u00e1is c\u00f3mo hubiese sido el confinamiento sin conexi\u00f3n a Internet?\u00bb. El simple hecho pensarlo hizo temblar a algunos, que no hab\u00edan nacido hace 20 a\u00f1os.<\/p>\n<p><em>Este art\u00edculo de opini\u00f3n se ha publicado originalmente en euskera y se puede leer de manera completa a continuaci\u00f3n.<\/em><\/p>\n<p>20 urte, egin 20 urte atzera eta pentsatu nolakoa zen zure bizitza orain dela bi hamarkada. Momentu hartan jaio gabeko pertsonentzat orduko errealitatearen adibide batzuk hauek dira: ordenagailuren bat zegoen etxeetan, ordenagailu bakarra zen bizikide guztientzat; etxeetan telefono finkoak bai, baina mugikorrik apenas eta zeudenak pisuzkoak, handiak eta soilik deiak egiteko aukera zutenak; Internet existitzen zela jakin bai, baina bertan ezer gutxi egiteko aukera\u2026 Norbanakoon bizitzan 20 urte asko direla iruditu arren, gizartearentzat denbora tarte hain txikian teknologikoki ikaragarrizko eraldaketa jasan dugula ukaezina da. Gogoan dauzkat ikasturte honen hasieran unibertsitateko nire ikasleei luzatu nizkien galderak sortutako erreakzioak: \u201cImajinatzen duzue konfinamendua nolakoa izango litzatekeen Interneteko konexio gabe?\u201d. Pentsatzeak bakarrik hotzikara eman zien batzuei, hauek orain dela 20 urte jaio gabe zeuden.<\/p>\n<\/div>\n<div class=\"tk-articlebody\">\n<p>Ezin da gure egungo errealitatea ulertu teknologia berrien presentziarik gabe: mugikorrak, online erosketak, kirola egiteko ordulariak, Interneteko denbora-pasak, sare sozialak\u2026 Zerrenda luzea da gure egunerokoan, baina baita administrazio publikoetako sistemetan, edota enpresa industrialetako produkzio lerroetakoetan. Baina digitalizazio prozesu honek aukerak eskaintzen dizkigun era berean, mehatxuak eta erronkak ere badakartza eta lerro hauetan horietako batzuk aztertzea gustatuko litzaidake.<\/p>\n<p><strong>Arrakalak<\/strong><\/p>\n<p>Beste hainbat gauzarekin batera, pandemiak azaleratu du teknologia berriak ez daudela pertsona guztien eskura, arrakala digitala errealitate bat da gaur egun, eta kasu hauetan beti gertatzen den moduan, konpondu ezean, arrakala hori gero eta zabalagoa izango da. Gogoratu beharra dago 2011. urtean Nazio Batuen Erakundeak Interneterako konexioa giza eskubide bezala onartu zuela, hezkuntzara, medikuntzara\u2026 sarbidea eskaintzen duelako, eta gobernuen ardura da edonork konexio bat izan dezan baldintzak bermatzea. Aldiz, INEko 2019ko datuek erakusten dute herritarren %9k ez daukala Interneteko konexiorik. Horrek esan nahi duena da milaka direla 2020. urte honetan hezkuntzako eskubiderik gabe geratu diren haurrak, ezin izan dutelako klaserik online jaso. Gobernuek egoera hauek ekiditeko pausoak ematea ezinbestekoa da. Puntu honetan, goraipatzeko itxialdi betean hainbat udalek \u2013 tartean Elgetakoa\u2013 Izarkom telekomunikazio kooperatibaren laguntzarekin martxan jarritako dinamikak, herri bakoitzeko haur guztiek Interneterako sarbidea eta lanerako gailu bat izan zezaten.<\/p>\n<p>Honek hurrengo puntura garamatza: nola da posible giza eskubidea den Interneterako konexioa dirua helburu duten enpresa erraldoien esku egotea? Non geratzen da gure burujabetza teknologikoa? Etorkizunean azpiegiturak ez badaude esku publikoetan, etorkizun kaxkarra daukagu aurretik; zer esanik ez, 5G teknologiak zentzu honetan ekarriko duen atzerapausoarekin, erabateko pribatizazioa ekarriko du azpiegituretan eta. <em>Argia<\/em> aldizkarian aste honetan Dabid Martinezek zioen moduan: \u201cEuskotren gure auzotik pasatzea behar dugu. Ez AHT\u201d. Hau da, egin dezagun azpimarra norbanako orok konexio bat izan dezan eta ez dezagun gizartearen zati bat aurrez zegoena baino bazterreratuago utzi. Aldi berean, badugu ordua gure produktu teknologikoa sortzen joateko, beste herrialde batzuekiko menpekotasun teknologikoa izanez gero, arazoak dauden momentuan, martxoan musukoak egiteko izan genuen arazo bera izango dugu eta: ez gara gure produktu propioak egiteko gai izango.<\/p>\n<p>Beste erronketako bat segurtasuna da. Argi dago gero eta gailu gehiago baditugu konektaturik, gero eta datu pertsonal gehiago sarean izan, edota gero eta eragiketa gehiago online egin, orduan eta aukera gehiago izango ditugula guk hanka sartu edo asmo txarrez dabilen batek gure segurtasuna urratzeko. Horren aurrean unibertsitate eta ikastetxeek formazioa ematea ezinbesteko tresna da, jendartea hezi eta teknologiaren erabilera zentzuzkoa egin dezan. Aldiz, enpresa zein erakunde publikoen kasuan, bezero, langile edo egiturak zaintzeko beharrezkoak izango dira beraien aktibo guztiak babestuko dituen segurtasun plan eguneratuak garatzea adituen laguntzaz, eta, erasoren bat jasanez gero, altxatzeko prest izatea momentu oro.<\/p>\n<p><strong> Datuen erabilera<\/strong><\/p>\n<p>Azkenik, gizartean kezka iturri den beste gai bat ere aipatu nahiko nuke: datuen erabilera. Gero eta datu gehiago sortzen dugu gailu digitalen bidez, eta lehen paperean edo fisikoki gordetzen ziren datu asko digitalki gordetzen ditugu. Informazio hori oso baliotsua izan daiteke, bai onerako eta baita txarrerako ere. Unibertsitateko gure ikerketa proiektuetan ikusi ahal izan dugu datuei esker posible dela gaixotasunak aurrez antzematea, gure sistemetan erasoak antzematea edo fabriketako produkzio lerroak hobetzea. Ikerlari guztion lana da datuak gure bizitzak hobetzeko erabiltzen direnean nola eta zehazki zertarako erabiltzen ditugun modu ulergarrian azaltzea. Baina txanponaren beste aldean, enpresa handiek gure hainbat daturekin egiten duten erabilera izango genuke. Kasu honetan, beharrezkoa izango da gobernuek datuen erabilera etiko eta zuzena bermatzeko tresnak martxan jartzea, eta herritarrok zentzuz jokatzea gure datuekin.<\/p>\n<p>Teknologiak definizioz ez dira onak edo txarrak, ematen zaien erabilpenean dago gakoa, eta hor bakoitzak bere ardurei eutsi behar die: adituok, heziketa lana eginez, publiko orokorra informatuz eta formazioa emanaz; agintariek, neurri eta lege justuak definituz eta beharra dutenei baliabideak eskainiz; eta norbanako bakoitzak, zentzuzko erabilpen bat eginaz. Modu horretan soilik lortuko dugu teknologia berriek eskaintzen digutena gizarte osoaren bizi kalitatea hobetzeko izatea, eta ez gutxi batzuk aberasteko.<\/p>\n<\/div>\n<p><strong>Enaitz Ezpeleta (Mondragon Unibertsitateko ikerlaria eta irakaslea)<\/strong><\/p>\n<p><strong><em><a href=\"https:\/\/goiena.eus\/komunitatea\/enaitzezpeleta\/1608133166026-digitalizazioaren-erronkei-heltzeko-ordua\">Iritzi artikulu hau Goiena Aldizkarian egindako kolaborazio bat da.<\/a><\/em><\/strong><\/p>\n<\/div>\n<\/div><\/div><\/div><div class=\"fusion-layout-column fusion_builder_column fusion-builder-column-2 fusion_builder_column_1_5 1_5 fusion-flex-column\" style=\"--awb-bg-size:cover;--awb-width-large:20%;--awb-margin-top-large:0px;--awb-spacing-right-large:9.6%;--awb-margin-bottom-large:20px;--awb-spacing-left-large:9.6%;--awb-width-medium:100%;--awb-spacing-right-medium:1.92%;--awb-spacing-left-medium:1.92%;--awb-width-small:100%;--awb-spacing-right-small:1.92%;--awb-spacing-left-small:1.92%;\"><div class=\"fusion-column-wrapper fusion-flex-justify-content-flex-start fusion-content-layout-column\"><div class=\"fusion-separator fusion-full-width-sep\" style=\"align-self: center;margin-left: auto;margin-right: auto;width:100%;\"><\/div><div class=\"fusion-text fusion-text-3\"><a href=\"https:\/\/debagoiena2030.eus\/es\/category\/actualidad\/debagoiena-eraldatzen-actualidad\/\" rel=\"category tag\">Debagoiena Eraldatzen<\/a>, <a href=\"https:\/\/debagoiena2030.eus\/es\/category\/opinion\/\" rel=\"category tag\">Opini\u00f3n<\/a>\n<\/div><\/div><\/div><\/div><\/div><div class=\"fusion-fullwidth fullwidth-box fusion-builder-row-2 fusion-flex-container nonhundred-percent-fullwidth non-hundred-percent-height-scrolling\" style=\"--awb-border-radius-top-left:0px;--awb-border-radius-top-right:0px;--awb-border-radius-bottom-right:0px;--awb-border-radius-bottom-left:0px;\" ><div class=\"fusion-builder-row fusion-row fusion-flex-align-items-flex-start\" style=\"max-width:1216.8px;margin-left: calc(-4% \/ 2 );margin-right: calc(-4% \/ 2 );\"><div class=\"fusion-layout-column fusion_builder_column fusion-builder-column-3 fusion_builder_column_1_5 1_5 fusion-flex-column\" style=\"--awb-bg-size:cover;--awb-width-large:20%;--awb-margin-top-large:0px;--awb-spacing-right-large:9.6%;--awb-margin-bottom-large:20px;--awb-spacing-left-large:9.6%;--awb-width-medium:100%;--awb-order-medium:0;--awb-spacing-right-medium:1.92%;--awb-spacing-left-medium:1.92%;--awb-width-small:100%;--awb-order-small:0;--awb-spacing-right-small:1.92%;--awb-spacing-left-small:1.92%;\"><div class=\"fusion-column-wrapper fusion-column-has-shadow fusion-flex-justify-content-flex-start fusion-content-layout-column\"><\/div><\/div><div class=\"fusion-layout-column fusion_builder_column fusion-builder-column-4 fusion_builder_column_3_5 3_5 fusion-flex-column\" style=\"--awb-bg-size:cover;--awb-width-large:60%;--awb-margin-top-large:0px;--awb-spacing-right-large:3.2%;--awb-margin-bottom-large:20px;--awb-spacing-left-large:3.2%;--awb-width-medium:100%;--awb-order-medium:0;--awb-spacing-right-medium:1.92%;--awb-spacing-left-medium:1.92%;--awb-width-small:100%;--awb-order-small:0;--awb-spacing-right-small:1.92%;--awb-spacing-left-small:1.92%;\"><div class=\"fusion-column-wrapper fusion-column-has-shadow fusion-flex-justify-content-flex-start fusion-content-layout-column\"><div class=\"fusion-image-element \" style=\"--awb-caption-title-font-family:var(--h2_typography-font-family);--awb-caption-title-font-weight:var(--h2_typography-font-weight);--awb-caption-title-font-style:var(--h2_typography-font-style);--awb-caption-title-size:var(--h2_typography-font-size);--awb-caption-title-transform:var(--h2_typography-text-transform);--awb-caption-title-line-height:var(--h2_typography-line-height);--awb-caption-title-letter-spacing:var(--h2_typography-letter-spacing);\"><span class=\" fusion-imageframe imageframe-none imageframe-1 hover-type-none\" class=\"image-magnify\" class=\"image-scroll\"><img decoding=\"async\" width=\"671\" height=\"333\" title=\"Digitalizazioa\" src=\"https:\/\/debagoiena2030.eus\/wp-content\/uploads\/2020\/12\/Digitalizazioa.jpg\" alt class=\"img-responsive wp-image-7637\" srcset=\"https:\/\/debagoiena2030.eus\/wp-content\/uploads\/2020\/12\/Digitalizazioa-200x99.jpg 200w, https:\/\/debagoiena2030.eus\/wp-content\/uploads\/2020\/12\/Digitalizazioa-400x199.jpg 400w, https:\/\/debagoiena2030.eus\/wp-content\/uploads\/2020\/12\/Digitalizazioa-600x298.jpg 600w, https:\/\/debagoiena2030.eus\/wp-content\/uploads\/2020\/12\/Digitalizazioa.jpg 671w\" sizes=\"(max-width: 1024px) 100vw, (max-width: 640px) 100vw, 671px\" \/><\/span><\/div><\/div><\/div><div class=\"fusion-layout-column fusion_builder_column fusion-builder-column-5 fusion_builder_column_1_5 1_5 fusion-flex-column\" style=\"--awb-bg-size:cover;--awb-width-large:20%;--awb-margin-top-large:0px;--awb-spacing-right-large:9.6%;--awb-margin-bottom-large:20px;--awb-spacing-left-large:9.6%;--awb-width-medium:100%;--awb-order-medium:0;--awb-spacing-right-medium:1.92%;--awb-spacing-left-medium:1.92%;--awb-width-small:100%;--awb-order-small:0;--awb-spacing-right-small:1.92%;--awb-spacing-left-small:1.92%;\"><div class=\"fusion-column-wrapper fusion-column-has-shadow fusion-flex-justify-content-flex-start fusion-content-layout-column\"><\/div><\/div><\/div><\/div><\/p>\n","protected":false},"excerpt":{"rendered":"<p><strong>Enaitz Ezpeleta, Mondragon Unibertsitatea.<\/strong><\/p>\n<p> 20 a\u00f1os, echa la vista 20 a\u00f1os atr\u00e1s y piensa c\u00f3mo era tu vida hace dos d\u00e9cadas. <br \/>\n[post_category]<\/p>\n","protected":false},"author":1,"featured_media":7637,"comment_status":"closed","ping_status":"open","sticky":false,"template":"","format":"standard","meta":[],"categories":[96,75],"tags":[142,143],"cp_meta_data":{"_wpml_word_count":["{\"total\":0,\"to_translate\":{\"eu\":2,\"es\":2}}"],"_edit_lock":["1680164570:1"],"_edit_last":["1"],"_wpml_media_duplicate":["1"],"_wpml_media_featured":["1"],"_thumbnail_id":["7637"],"_last_translation_edit_mode":["native-editor"],"_encloseme":["1"],"_fusion":["a:19:{s:25:\"show_first_featured_image\";s:3:\"yes\";s:4:\"fimg\";a:2:{s:5:\"width\";s:0:\"\";s:6:\"height\";s:0:\"\";}s:17:\"post_links_target\";s:2:\"no\";s:7:\"bg_full\";s:2:\"no\";s:14:\"display_header\";s:3:\"yes\";s:14:\"header_bg_full\";s:2:\"no\";s:17:\"slider_visibility\";s:51:\"small-visibility,medium-visibility,large-visibility\";s:13:\"page_title_bg\";a:2:{s:3:\"url\";s:105:\"http:\/\/onenprodev.com\/sandbox\/d2030\/wp-content\/uploads\/2016\/08\/avada-charity-journal-banner1-1024x369.jpg\";s:2:\"id\";s:0:\"\";}s:12:\"main_padding\";a:2:{s:3:\"top\";s:0:\"\";s:6:\"bottom\";s:0:\"\";}s:15:\"content_bg_full\";s:2:\"no\";s:20:\"image_rollover_icons\";s:7:\"default\";s:9:\"bg_repeat\";s:6:\"repeat\";s:35:\"container_hundred_percent_animation\";s:0:\"\";s:16:\"header_bg_repeat\";s:6:\"repeat\";s:14:\"displayed_menu\";s:7:\"default\";s:11:\"slider_type\";s:4:\"flex\";s:9:\"wooslider\";s:8:\"noticias\";s:19:\"blog_page_title_bar\";s:7:\"default\";s:17:\"content_bg_repeat\";s:6:\"repeat\";}"],"_fusion_google_fonts":[""],"fusion_builder_status":["active"],"avada_post_views_count":["673"],"_wpml_media_has_media":["1"],"avada_today_post_views_count":["1"],"avada_post_views_count_today_date":["01-05-2026"]},"_links":{"self":[{"href":"https:\/\/debagoiena2030.eus\/es\/wp-json\/wp\/v2\/posts\/7639"}],"collection":[{"href":"https:\/\/debagoiena2030.eus\/es\/wp-json\/wp\/v2\/posts"}],"about":[{"href":"https:\/\/debagoiena2030.eus\/es\/wp-json\/wp\/v2\/types\/post"}],"author":[{"embeddable":true,"href":"https:\/\/debagoiena2030.eus\/es\/wp-json\/wp\/v2\/users\/1"}],"replies":[{"embeddable":true,"href":"https:\/\/debagoiena2030.eus\/es\/wp-json\/wp\/v2\/comments?post=7639"}],"version-history":[{"count":5,"href":"https:\/\/debagoiena2030.eus\/es\/wp-json\/wp\/v2\/posts\/7639\/revisions"}],"predecessor-version":[{"id":9630,"href":"https:\/\/debagoiena2030.eus\/es\/wp-json\/wp\/v2\/posts\/7639\/revisions\/9630"}],"wp:featuredmedia":[{"embeddable":true,"href":"https:\/\/debagoiena2030.eus\/es\/wp-json\/wp\/v2\/media\/7637"}],"wp:attachment":[{"href":"https:\/\/debagoiena2030.eus\/es\/wp-json\/wp\/v2\/media?parent=7639"}],"wp:term":[{"taxonomy":"category","embeddable":true,"href":"https:\/\/debagoiena2030.eus\/es\/wp-json\/wp\/v2\/categories?post=7639"},{"taxonomy":"post_tag","embeddable":true,"href":"https:\/\/debagoiena2030.eus\/es\/wp-json\/wp\/v2\/tags?post=7639"}],"curies":[{"name":"wp","href":"https:\/\/api.w.org\/{rel}","templated":true}]}}