{"id":9741,"date":"2023-09-12T08:26:22","date_gmt":"2023-09-12T08:26:22","guid":{"rendered":"https:\/\/debagoiena2030.eus\/?p=9741"},"modified":"2023-09-12T08:26:23","modified_gmt":"2023-09-12T08:26:23","slug":"d2030-invita-a-ciudadania-y-entidades-a-una-sesion-abierta-en-bergara-sobre-la-transicion-energetica","status":"publish","type":"post","link":"https:\/\/debagoiena2030.eus\/es\/2023\/09\/12\/d2030-invita-a-ciudadania-y-entidades-a-una-sesion-abierta-en-bergara-sobre-la-transicion-energetica\/","title":{"rendered":"D2030 invita a ciudadan\u00eda y entidades a una sesi\u00f3n abierta en Bergara sobre la transici\u00f3n energ\u00e9tica"},"content":{"rendered":"<p><div class=\"fusion-fullwidth fullwidth-box fusion-builder-row-1 fusion-flex-container nonhundred-percent-fullwidth non-hundred-percent-height-scrolling\" style=\"--awb-background-position:left top;--awb-border-sizes-top:0px;--awb-border-sizes-bottom:0px;--awb-border-sizes-left:0px;--awb-border-sizes-right:0px;--awb-border-radius-top-left:0px;--awb-border-radius-top-right:0px;--awb-border-radius-bottom-right:0px;--awb-border-radius-bottom-left:0px;--awb-padding-top:120px;--awb-padding-bottom:0px;\" ><div class=\"fusion-builder-row fusion-row fusion-flex-align-items-flex-start\" style=\"max-width:1216.8px;margin-left: calc(-4% \/ 2 );margin-right: calc(-4% \/ 2 );\"><div class=\"fusion-layout-column fusion_builder_column fusion-builder-column-0 fusion_builder_column_1_5 1_5 fusion-flex-column\" style=\"--awb-bg-size:cover;--awb-width-large:20%;--awb-margin-top-large:0px;--awb-spacing-right-large:9.6%;--awb-margin-bottom-large:20px;--awb-spacing-left-large:9.6%;--awb-width-medium:100%;--awb-spacing-right-medium:1.92%;--awb-spacing-left-medium:1.92%;--awb-width-small:100%;--awb-spacing-right-small:1.92%;--awb-spacing-left-small:1.92%;\"><div class=\"fusion-column-wrapper fusion-flex-justify-content-flex-start fusion-content-layout-column\"><div class=\"fusion-separator fusion-full-width-sep\" style=\"align-self: center;margin-left: auto;margin-right: auto;width:100%;\"><\/div><\/div><\/div><div class=\"fusion-layout-column fusion_builder_column fusion-builder-column-1 fusion_builder_column_3_5 3_5 fusion-flex-column\" style=\"--awb-bg-size:cover;--awb-width-large:60%;--awb-margin-top-large:0px;--awb-spacing-right-large:3.2%;--awb-margin-bottom-large:20px;--awb-spacing-left-large:3.2%;--awb-width-medium:100%;--awb-spacing-right-medium:1.92%;--awb-spacing-left-medium:1.92%;--awb-width-small:100%;--awb-spacing-right-small:1.92%;--awb-spacing-left-small:1.92%;\"><div class=\"fusion-column-wrapper fusion-flex-justify-content-flex-start fusion-content-layout-column\"><div class=\"fusion-text fusion-text-1\"><div id=\"translation_text\">\n<div class=\"jumbotron-text\">\n<div class=\"row\">\n<h2 class=\"col-md-12 col-xs-12\">D2030 invita a ciudadan\u00eda y entidades a una sesi\u00f3n abierta en Bergara sobre la transici\u00f3n energ\u00e9tica<\/h2>\n<\/div>\n<\/div>\n<\/div>\n<\/div><div class=\"fusion-separator\" style=\"align-self: flex-start;margin-right:auto;margin-top:0px;margin-bottom:30px;width:100%;max-width:200px;\"><div class=\"fusion-separator-border sep-single sep-solid\" style=\"--awb-height:20px;--awb-amount:20px;--awb-sep-color:#e87979;border-color:#e87979;border-top-width:3px;\"><\/div><\/div><div class=\"fusion-text fusion-text-2\"><p style=\"text-align: right;\">12-09-2023<\/p>\n<div id=\"translation_text\">\n<div class=\"jumbotron-text\">\n<div class=\"row\">\n<ul>\n<li class=\"col-md-12 col-xs-12\"><strong>Debagoiena 2030 ha organizado una sesi\u00f3n abierta en torno a la transici\u00f3n energ\u00e9tica para el 21 de septiembre.<\/strong><\/li>\n<li class=\"col-md-12 col-xs-12\"><strong>Se celebrar\u00e1 en el Palacio Irizar de Bergara, entre las 09:30 y las 12:30.<\/strong><\/li>\n<li class=\"col-md-12 col-xs-12\"><strong>La iniciativa D2030 invita a todos los y las ciudadanas y entidades a participar en la sesi\u00f3n.<\/strong><\/li>\n<\/ul>\n<div id=\"translation_text\">\n<div class=\"jumbotron-text\">\n<div class=\"row\">\n<div class=\"col-md-12 col-xs-12\">La Red de Desarrollo Sostenible Debagoiena 2030 trabaja en torno a la transici\u00f3n energ\u00e9tica y actualmente en proceso de poner en marcha la segunda fase de la estrategia <em>Eragin Piztu, <\/em>cuya primera fase se activ\u00f3 el pasado a\u00f1o. Con el objetivo de compartir algunas de las claves analizadas, trabajadas y meditadas hasta el momento, y compartir objetivos cara al futuro, el 21 de septiembre, la iniciativa ha organizado una sesi\u00f3n abierta en el palacio Irizar de Bergara, de 9:30 a 12:30.<\/div>\n<div>\n<div id=\"translation_text\">\n<div class=\"jumbotron-text\">\n<div class=\"row\">\n<div class=\"col-md-12 col-xs-12\"><\/div>\n<\/div>\n<div class=\"row\">\n<p>Los temas a tratar son los siguientes:<\/p>\n<ul>\n<li>Debagoiena 2030 y la estrategia <em>Eragin Piztu<\/em><\/li>\n<li>Resultado y an\u00e1lisis del diagn\u00f3stico energ\u00e9tico de Debagoiena<\/li>\n<li>Oportunidades para responder al reto energ\u00e9tico de la regi\u00f3n<\/li>\n<\/ul>\n<div id=\"translation_text\">\n<div class=\"jumbotron-text\">\n<div class=\"row\">\n<div class=\"col-md-12 col-xs-12\"><\/div>\n<\/div>\n<div class=\"row\">\n<div class=\"col-md-12 col-xs-12\"><strong>Inscripciones<\/strong><\/div>\n<div class=\"col-md-12 col-xs-12\">\n<p>La sesi\u00f3n es abierta y se puede apuntar en <a href=\"https:\/\/docs.google.com\/forms\/d\/e\/1FAIpQLScnjEJuPdkTPLa76jZmQQf4mWbufKPlwLGndkgtf_UXdE2cZQ\/viewform\">este formulario<\/a>, antes del 18 de septiembre.<\/p>\n<p>Nota: Habr\u00e1 servicio de traducci\u00f3n para quien lo necesite.<\/p>\n<\/div>\n<\/div>\n<\/div>\n<\/div>\n<\/div>\n<\/div>\n<\/div>\n<\/div>\n<\/div>\n<\/div>\n<\/div>\n<\/div>\n<\/div>\n<\/div>\n<\/div><\/div><\/div><div class=\"fusion-layout-column fusion_builder_column fusion-builder-column-2 fusion_builder_column_1_5 1_5 fusion-flex-column\" style=\"--awb-bg-size:cover;--awb-width-large:20%;--awb-margin-top-large:0px;--awb-spacing-right-large:9.6%;--awb-margin-bottom-large:20px;--awb-spacing-left-large:9.6%;--awb-width-medium:100%;--awb-spacing-right-medium:1.92%;--awb-spacing-left-medium:1.92%;--awb-width-small:100%;--awb-spacing-right-small:1.92%;--awb-spacing-left-small:1.92%;\"><div class=\"fusion-column-wrapper fusion-flex-justify-content-flex-start fusion-content-layout-column\"><div class=\"fusion-separator fusion-full-width-sep\" style=\"align-self: center;margin-left: auto;margin-right: auto;width:100%;\"><\/div><div class=\"fusion-text fusion-text-3\"><a href=\"https:\/\/debagoiena2030.eus\/es\/category\/innovacion-social\/\" rel=\"category tag\">Innovaci\u00f3n social<\/a>\n<\/div><\/div><\/div><\/div><\/div><div class=\"fusion-fullwidth fullwidth-box fusion-builder-row-2 fusion-flex-container nonhundred-percent-fullwidth non-hundred-percent-height-scrolling\" style=\"--awb-border-radius-top-left:0px;--awb-border-radius-top-right:0px;--awb-border-radius-bottom-right:0px;--awb-border-radius-bottom-left:0px;\" ><div class=\"fusion-builder-row fusion-row fusion-flex-align-items-flex-start\" style=\"max-width:1216.8px;margin-left: calc(-4% \/ 2 );margin-right: calc(-4% \/ 2 );\"><div class=\"fusion-layout-column fusion_builder_column fusion-builder-column-3 fusion_builder_column_1_5 1_5 fusion-flex-column\" style=\"--awb-bg-size:cover;--awb-width-large:20%;--awb-margin-top-large:0px;--awb-spacing-right-large:9.6%;--awb-margin-bottom-large:20px;--awb-spacing-left-large:9.6%;--awb-width-medium:100%;--awb-order-medium:0;--awb-spacing-right-medium:1.92%;--awb-spacing-left-medium:1.92%;--awb-width-small:100%;--awb-order-small:0;--awb-spacing-right-small:1.92%;--awb-spacing-left-small:1.92%;\"><div class=\"fusion-column-wrapper fusion-column-has-shadow fusion-flex-justify-content-flex-start fusion-content-layout-column\"><\/div><\/div><div class=\"fusion-layout-column fusion_builder_column fusion-builder-column-4 fusion_builder_column_3_5 3_5 fusion-flex-column\" style=\"--awb-bg-size:cover;--awb-width-large:60%;--awb-margin-top-large:0px;--awb-spacing-right-large:3.2%;--awb-margin-bottom-large:20px;--awb-spacing-left-large:3.2%;--awb-width-medium:100%;--awb-order-medium:0;--awb-spacing-right-medium:1.92%;--awb-spacing-left-medium:1.92%;--awb-width-small:100%;--awb-order-small:0;--awb-spacing-right-small:1.92%;--awb-spacing-left-small:1.92%;\"><div class=\"fusion-column-wrapper fusion-column-has-shadow fusion-flex-justify-content-flex-start fusion-content-layout-column\"><div class=\"fusion-image-element \" style=\"--awb-caption-title-font-family:var(--h2_typography-font-family);--awb-caption-title-font-weight:var(--h2_typography-font-weight);--awb-caption-title-font-style:var(--h2_typography-font-style);--awb-caption-title-size:var(--h2_typography-font-size);--awb-caption-title-transform:var(--h2_typography-text-transform);--awb-caption-title-line-height:var(--h2_typography-line-height);--awb-caption-title-letter-spacing:var(--h2_typography-letter-spacing);\"><span class=\" fusion-imageframe imageframe-none imageframe-1 hover-type-none\" class=\"image-magnify\" class=\"image-scroll\"><img decoding=\"async\" width=\"1200\" height=\"800\" title=\"1772_1671027976\" src=\"https:\/\/debagoiena2030.eus\/wp-content\/uploads\/2023\/09\/1772_1671027976-1.jpg\" alt class=\"img-responsive wp-image-9735\" srcset=\"https:\/\/debagoiena2030.eus\/wp-content\/uploads\/2023\/09\/1772_1671027976-1-200x133.jpg 200w, https:\/\/debagoiena2030.eus\/wp-content\/uploads\/2023\/09\/1772_1671027976-1-400x267.jpg 400w, https:\/\/debagoiena2030.eus\/wp-content\/uploads\/2023\/09\/1772_1671027976-1-600x400.jpg 600w, https:\/\/debagoiena2030.eus\/wp-content\/uploads\/2023\/09\/1772_1671027976-1-800x533.jpg 800w, https:\/\/debagoiena2030.eus\/wp-content\/uploads\/2023\/09\/1772_1671027976-1.jpg 1200w\" sizes=\"(max-width: 1024px) 100vw, (max-width: 640px) 100vw, 800px\" \/><\/span><\/div><\/div><\/div><div class=\"fusion-layout-column fusion_builder_column fusion-builder-column-5 fusion_builder_column_1_5 1_5 fusion-flex-column\" style=\"--awb-bg-size:cover;--awb-width-large:20%;--awb-margin-top-large:0px;--awb-spacing-right-large:9.6%;--awb-margin-bottom-large:20px;--awb-spacing-left-large:9.6%;--awb-width-medium:100%;--awb-order-medium:0;--awb-spacing-right-medium:1.92%;--awb-spacing-left-medium:1.92%;--awb-width-small:100%;--awb-order-small:0;--awb-spacing-right-small:1.92%;--awb-spacing-left-small:1.92%;\"><div class=\"fusion-column-wrapper fusion-column-has-shadow fusion-flex-justify-content-flex-start fusion-content-layout-column\"><\/div><\/div><\/div><\/div><\/p>\n","protected":false},"excerpt":{"rendered":"<p>Debagoiena 2030 ha organizado una sesi\u00f3n abierta en torno a la transici\u00f3n energ\u00e9tica para el 21 de septiembre<\/p>\n","protected":false},"author":1,"featured_media":9735,"comment_status":"closed","ping_status":"open","sticky":false,"template":"","format":"standard","meta":[],"categories":[63],"tags":[],"cp_meta_data":{"_wpml_word_count":["{\"total\":0,\"to_translate\":{\"eu\":2,\"es\":2}}"],"_edit_lock":["1694507061:1"],"_edit_last":["1"],"_wpml_media_duplicate":["1"],"_wpml_media_featured":["1"],"avada_post_views_count":["726"],"fusion_builder_status":["active"],"_thumbnail_id":["9735"],"_last_translation_edit_mode":["native-editor"],"_encloseme":["1"],"_fusion":["a:18:{s:25:\"show_first_featured_image\";s:3:\"yes\";s:4:\"fimg\";a:2:{s:5:\"width\";s:0:\"\";s:6:\"height\";s:0:\"\";}s:17:\"post_links_target\";s:2:\"no\";s:7:\"bg_full\";s:2:\"no\";s:14:\"display_header\";s:3:\"yes\";s:14:\"header_bg_full\";s:2:\"no\";s:17:\"slider_visibility\";s:51:\"small-visibility,medium-visibility,large-visibility\";s:13:\"page_title_bg\";a:2:{s:3:\"url\";s:105:\"http:\/\/onenprodev.com\/sandbox\/d2030\/wp-content\/uploads\/2016\/08\/avada-charity-journal-banner1-1024x369.jpg\";s:2:\"id\";s:0:\"\";}s:12:\"main_padding\";a:2:{s:3:\"top\";s:0:\"\";s:6:\"bottom\";s:0:\"\";}s:15:\"content_bg_full\";s:2:\"no\";s:20:\"image_rollover_icons\";s:7:\"default\";s:9:\"bg_repeat\";s:6:\"repeat\";s:35:\"container_hundred_percent_animation\";s:0:\"\";s:16:\"header_bg_repeat\";s:6:\"repeat\";s:14:\"displayed_menu\";s:7:\"default\";s:11:\"slider_type\";s:4:\"flex\";s:19:\"blog_page_title_bar\";s:7:\"default\";s:17:\"content_bg_repeat\";s:6:\"repeat\";}"],"_wpml_media_has_media":["1"],"avada_today_post_views_count":["1"],"avada_post_views_count_today_date":["29-04-2026"]},"_links":{"self":[{"href":"https:\/\/debagoiena2030.eus\/es\/wp-json\/wp\/v2\/posts\/9741"}],"collection":[{"href":"https:\/\/debagoiena2030.eus\/es\/wp-json\/wp\/v2\/posts"}],"about":[{"href":"https:\/\/debagoiena2030.eus\/es\/wp-json\/wp\/v2\/types\/post"}],"author":[{"embeddable":true,"href":"https:\/\/debagoiena2030.eus\/es\/wp-json\/wp\/v2\/users\/1"}],"replies":[{"embeddable":true,"href":"https:\/\/debagoiena2030.eus\/es\/wp-json\/wp\/v2\/comments?post=9741"}],"version-history":[{"count":2,"href":"https:\/\/debagoiena2030.eus\/es\/wp-json\/wp\/v2\/posts\/9741\/revisions"}],"predecessor-version":[{"id":9743,"href":"https:\/\/debagoiena2030.eus\/es\/wp-json\/wp\/v2\/posts\/9741\/revisions\/9743"}],"wp:featuredmedia":[{"embeddable":true,"href":"https:\/\/debagoiena2030.eus\/es\/wp-json\/wp\/v2\/media\/9735"}],"wp:attachment":[{"href":"https:\/\/debagoiena2030.eus\/es\/wp-json\/wp\/v2\/media?parent=9741"}],"wp:term":[{"taxonomy":"category","embeddable":true,"href":"https:\/\/debagoiena2030.eus\/es\/wp-json\/wp\/v2\/categories?post=9741"},{"taxonomy":"post_tag","embeddable":true,"href":"https:\/\/debagoiena2030.eus\/es\/wp-json\/wp\/v2\/tags?post=9741"}],"curies":[{"name":"wp","href":"https:\/\/api.w.org\/{rel}","templated":true}]}}